{"id":260,"date":"2025-11-03T18:04:56","date_gmt":"2025-11-03T18:04:56","guid":{"rendered":"https:\/\/www.leyform.de\/blog\/?p=260"},"modified":"2025-11-03T18:04:57","modified_gmt":"2025-11-03T18:04:57","slug":"wenn-komfort-zur-pflege-wird-stuehle-fuer-pflegeheime-von-leyform","status":"publish","type":"post","link":"https:\/\/www.leyform.de\/blog\/wenn-komfort-zur-pflege-wird-stuehle-fuer-pflegeheime-von-leyform\/","title":{"rendered":"Wenn Komfort zur Pflege wird: die St\u00fchle f\u00fcr Pflegeheime von Leyform"},"content":{"rendered":"\n<h2 class=\"wp-block-heading\">Alle Details zum Projekt f\u00fcr die Caritas Tagesbetreuung Seitenstetten \u2013 wo Wohlbefinden und Aufmerksamkeit Hand in Hand gehen<\/h2>\n\n\n\n<p>St\u00fchle f\u00fcr Pflegeheime sind ein wesentlicher Bestandteil, um Komfort und Sicherheit f\u00fcr Bewohnerinnen und Bewohner zu gew\u00e4hrleisten. In Pflegeeinrichtungen und Tageszentren, in denen das t\u00e4gliche Wohlbefinden im Mittelpunkt steht, entwickelt Leyform ergonomische, langlebige und leicht zu reinigende Sitzm\u00f6bel.<\/p>\n\n\n\n<p>F\u00fcr die Caritas Tagesbetreuung Seitenstetten in \u00d6sterreich wurde in Zusammenarbeit mit dem Architekturb\u00fcro Whir 3 eine ma\u00dfgeschneiderte Einrichtung realisiert. Dabei kamen drei Modelle zum Einsatz, die perfekt auf die Anforderungen eines Pflege- und Entspannungsbereichs abgestimmt sind: <a href=\"https:\/\/www.leyform.de\/loungemoebel-und-sessel-fur-warteraume\/design-empfangssofas-fur-wartebereiche-mit-usb-ladegerat-around.html\" target=\"_blank\" rel=\"noreferrer noopener\">Around<\/a>, <a href=\"https:\/\/www.leyform.de\/senioren-holzstuhl\/wartezimmerstuhle-cafeteriastuhle-senioren-kalos.html\" target=\"_blank\" rel=\"noreferrer noopener\">Kalos<\/a> und <a href=\"https:\/\/www.leyform.de\/mehrzweckstuhl-und-stapelstuhl\/stapelbarer-designstuhl-f-outdoor-bereich-greta.html\" target=\"_blank\" rel=\"noreferrer noopener\">Greta<\/a>.<\/p>\n\n\n\n<p>Die gew\u00e4hlten Materialien und Farbt\u00f6ne greifen ein waldinspiriertes Motiv auf, das Ruhe, Geborgenheit und N\u00e4he zur Natur vermittelt \u2013 Werte, die den Tagesbetreuungs\u00adzentrum Caritas Seitenstetten zu einem Ort machen, an dem Erholung, W\u00fcrde und Zuwendung im Mittelpunkt stehen.<\/p>\n\n\n\n<h3 class=\"wp-block-heading\">Around: Eleganz und Technologie f\u00fcr Entspannungs- und Gemeinschaftsbereiche<\/h3>\n\n\n\n<p><\/p>\n\n\n\n<figure class=\"wp-block-image size-full is-resized\" style=\"margin-top:10px;margin-right:0px;margin-bottom:10px;margin-left:0px\"><a href=\"https:\/\/www.leyform.de\/loungemoebel-und-sessel-fur-warteraume\/design-empfangssofas-fur-wartebereiche-mit-usb-ladegerat-around.html\" target=\"_blank\" rel=\" noreferrer noopener\"><img loading=\"lazy\" decoding=\"async\" width=\"2048\" height=\"1365\" src=\"https:\/\/www.leyform.de\/blog\/wp-content\/uploads\/2025\/10\/251001_Caritas_Whir3_0046_\u00a9philipphirtenlehner.jpg\" alt=\"St\u00fchle-f\u00fcr-Pflegeheime\" class=\"wp-image-271\" style=\"aspect-ratio:16\/9;object-fit:cover;width:1120px\" srcset=\"https:\/\/www.leyform.de\/blog\/wp-content\/uploads\/2025\/10\/251001_Caritas_Whir3_0046_\u00a9philipphirtenlehner.jpg 2048w, https:\/\/www.leyform.de\/blog\/wp-content\/uploads\/2025\/10\/251001_Caritas_Whir3_0046_\u00a9philipphirtenlehner-300x200.jpg 300w, https:\/\/www.leyform.de\/blog\/wp-content\/uploads\/2025\/10\/251001_Caritas_Whir3_0046_\u00a9philipphirtenlehner-1024x683.jpg 1024w, https:\/\/www.leyform.de\/blog\/wp-content\/uploads\/2025\/10\/251001_Caritas_Whir3_0046_\u00a9philipphirtenlehner-768x512.jpg 768w, https:\/\/www.leyform.de\/blog\/wp-content\/uploads\/2025\/10\/251001_Caritas_Whir3_0046_\u00a9philipphirtenlehner-1536x1024.jpg 1536w\" sizes=\"auto, (max-width: 2048px) 100vw, 2048px\" \/><\/a><\/figure>\n\n\n\n<p class=\"has-text-align-center\"><\/p>\n\n\n\n<p>Mit ihrem modernen Design und integrierten USB-C-Anschl\u00fcssen ist <a href=\"https:\/\/www.leyform.de\/loungemoebel-und-sessel-fur-warteraume\/design-empfangssofas-fur-wartebereiche-mit-usb-ladegerat-around.html\" target=\"_blank\" rel=\"noreferrer noopener\">Around<\/a> ideal f\u00fcr Aufenthaltsr\u00e4ume und Wartebereiche in Pflegeheimen. Sie vereint Komfort, Funktionalit\u00e4t und Stil und verbessert so das Wohlbefinden von Bewohnern wie auch von Mitarbeitenden.<\/p>\n\n\n\n<h3 class=\"wp-block-heading has-text-align-left\">Kalos: Nat\u00fcrlichkeit und Komfort f\u00fcr Senioren<\/h3>\n\n\n\n<figure class=\"wp-block-image size-full is-resized\" style=\"margin-top:10px;margin-right:0px;margin-bottom:10px;margin-left:0px\"><a href=\"https:\/\/www.leyform.de\/senioren-holzstuhl\/wartezimmerstuhle-cafeteriastuhle-senioren-kalos.html\" target=\"_blank\" rel=\" noreferrer noopener\"><img loading=\"lazy\" decoding=\"async\" width=\"2048\" height=\"1365\" src=\"https:\/\/www.leyform.de\/blog\/wp-content\/uploads\/2025\/10\/251001_Caritas_Whir3_0437_\u00a9philipphirtenlehner-HDR.jpg\" alt=\"St\u00fchle-f\u00fcr-Pflegeheime-1\" class=\"wp-image-272\" style=\"aspect-ratio:16\/9;object-fit:cover;width:1120px\" srcset=\"https:\/\/www.leyform.de\/blog\/wp-content\/uploads\/2025\/10\/251001_Caritas_Whir3_0437_\u00a9philipphirtenlehner-HDR.jpg 2048w, https:\/\/www.leyform.de\/blog\/wp-content\/uploads\/2025\/10\/251001_Caritas_Whir3_0437_\u00a9philipphirtenlehner-HDR-300x200.jpg 300w, https:\/\/www.leyform.de\/blog\/wp-content\/uploads\/2025\/10\/251001_Caritas_Whir3_0437_\u00a9philipphirtenlehner-HDR-1024x683.jpg 1024w, https:\/\/www.leyform.de\/blog\/wp-content\/uploads\/2025\/10\/251001_Caritas_Whir3_0437_\u00a9philipphirtenlehner-HDR-768x512.jpg 768w, https:\/\/www.leyform.de\/blog\/wp-content\/uploads\/2025\/10\/251001_Caritas_Whir3_0437_\u00a9philipphirtenlehner-HDR-1536x1024.jpg 1536w\" sizes=\"auto, (max-width: 2048px) 100vw, 2048px\" \/><\/a><\/figure>\n\n\n\n<p>Der Stuhl <a href=\"https:\/\/www.leyform.de\/senioren-holzstuhl\/wartezimmerstuhle-cafeteriastuhle-senioren-kalos.html\" target=\"_blank\" rel=\"noreferrer noopener\">Kalos<\/a> kombiniert die W\u00e4rme von Holz mit pflegeleichten Bez\u00fcgen. Er ist die perfekte Wahl f\u00fcr Pflegeheime und Tageszentren, schafft ein Gef\u00fchl von Sicherheit und Harmonie und tr\u00e4gt zu einer ruhigen Atmosph\u00e4re in jedem Pflegeumfeld bei.<\/p>\n\n\n\n<h3 class=\"wp-block-heading\">Greta: die St\u00e4rke der Leichtigkeit<\/h3>\n\n\n\n<figure class=\"wp-block-image size-full is-resized\" style=\"margin-top:10px;margin-right:0px;margin-bottom:10px;margin-left:0px\"><a href=\"https:\/\/www.leyform.de\/mehrzweckstuhl-und-stapelstuhl\/stapelbarer-designstuhl-f-outdoor-bereich-greta.html\" target=\"_blank\" rel=\" noreferrer noopener\"><img loading=\"lazy\" decoding=\"async\" width=\"2048\" height=\"1365\" src=\"https:\/\/www.leyform.de\/blog\/wp-content\/uploads\/2025\/10\/251001_Caritas_Whir3_0656_\u00a9philipphirtenlehner-HDR.jpg\" alt=\"St\u00fchle-f\u00fcr-Pflegeheime-2\" class=\"wp-image-273\" style=\"aspect-ratio:16\/9;object-fit:cover;width:1120px\" srcset=\"https:\/\/www.leyform.de\/blog\/wp-content\/uploads\/2025\/10\/251001_Caritas_Whir3_0656_\u00a9philipphirtenlehner-HDR.jpg 2048w, https:\/\/www.leyform.de\/blog\/wp-content\/uploads\/2025\/10\/251001_Caritas_Whir3_0656_\u00a9philipphirtenlehner-HDR-300x200.jpg 300w, https:\/\/www.leyform.de\/blog\/wp-content\/uploads\/2025\/10\/251001_Caritas_Whir3_0656_\u00a9philipphirtenlehner-HDR-1024x683.jpg 1024w, https:\/\/www.leyform.de\/blog\/wp-content\/uploads\/2025\/10\/251001_Caritas_Whir3_0656_\u00a9philipphirtenlehner-HDR-768x512.jpg 768w, https:\/\/www.leyform.de\/blog\/wp-content\/uploads\/2025\/10\/251001_Caritas_Whir3_0656_\u00a9philipphirtenlehner-HDR-1536x1024.jpg 1536w\" sizes=\"auto, (max-width: 2048px) 100vw, 2048px\" \/><\/a><\/figure>\n\n\n\n<p>Einfach, robust und umweltfreundlich \u2013 <a href=\"https:\/\/www.leyform.de\/mehrzweckstuhl-und-stapelstuhl\/stapelbarer-designstuhl-f-outdoor-bereich-greta.html\" target=\"_blank\" rel=\"noreferrer noopener\">Greta<\/a> besteht aus recyceltem und recycelbarem Material. Dieser Stuhl f\u00fcr Pflegeheime ist eine vielseitige L\u00f6sung f\u00fcr Gemeinschafts- und Entspannungsbereiche, in denen Hygiene und Funktionalit\u00e4t entscheidend sind.<\/p>\n\n\n\n<p><strong>Seit \u00fcber f\u00fcnfzig Jahren ist Leyform auf die Herstellung von St\u00fchlen f\u00fcr Pflegeheime, Seniorenresidenzen und Pflegeeinrichtungen spezialisiert.<\/strong> Jedes Projekt wird entwickelt, um die Lebensqualit\u00e4t in Pflege- und Gesundheitsumgebungen zu verbessern.<\/p>\n\n\n\n<p><a href=\"https:\/\/www.leyform.de\/leyform-kontact.html\" target=\"_blank\" rel=\"noreferrer noopener\">Kontaktieren Sie uns<\/a> f\u00fcr eine pers\u00f6nliche Beratung und ma\u00dfgeschneiderte Angebote f\u00fcr Ihre Einrichtung!<\/p>\n","protected":false},"excerpt":{"rendered":"<p>Alle Details zum Projekt f\u00fcr die Caritas Tagesbetreuung Seitenstetten \u2013 wo Wohlbefinden und Aufmerksamkeit Hand in Hand gehen St\u00fchle f\u00fcr [&hellip;]<\/p>\n","protected":false},"author":1,"featured_media":268,"comment_status":"closed","ping_status":"closed","sticky":false,"template":"","format":"standard","meta":{"_acf_changed":false,"footnotes":""},"categories":[20,11],"tags":[58,57],"class_list":["post-260","post","type-post","status-publish","format-standard","has-post-thumbnail","hentry","category-kollektivitaet","category-empfangssessel","tag-pflegeheime","tag-stuehle-fuer-pflegeheime"],"acf":[],"_links":{"self":[{"href":"https:\/\/www.leyform.de\/blog\/wp-json\/wp\/v2\/posts\/260","targetHints":{"allow":["GET"]}}],"collection":[{"href":"https:\/\/www.leyform.de\/blog\/wp-json\/wp\/v2\/posts"}],"about":[{"href":"https:\/\/www.leyform.de\/blog\/wp-json\/wp\/v2\/types\/post"}],"author":[{"embeddable":true,"href":"https:\/\/www.leyform.de\/blog\/wp-json\/wp\/v2\/users\/1"}],"replies":[{"embeddable":true,"href":"https:\/\/www.leyform.de\/blog\/wp-json\/wp\/v2\/comments?post=260"}],"version-history":[{"count":3,"href":"https:\/\/www.leyform.de\/blog\/wp-json\/wp\/v2\/posts\/260\/revisions"}],"predecessor-version":[{"id":274,"href":"https:\/\/www.leyform.de\/blog\/wp-json\/wp\/v2\/posts\/260\/revisions\/274"}],"wp:featuredmedia":[{"embeddable":true,"href":"https:\/\/www.leyform.de\/blog\/wp-json\/wp\/v2\/media\/268"}],"wp:attachment":[{"href":"https:\/\/www.leyform.de\/blog\/wp-json\/wp\/v2\/media?parent=260"}],"wp:term":[{"taxonomy":"category","embeddable":true,"href":"https:\/\/www.leyform.de\/blog\/wp-json\/wp\/v2\/categories?post=260"},{"taxonomy":"post_tag","embeddable":true,"href":"https:\/\/www.leyform.de\/blog\/wp-json\/wp\/v2\/tags?post=260"}],"curies":[{"name":"wp","href":"https:\/\/api.w.org\/{rel}","templated":true}]}}