{"id":290,"date":"2026-02-09T09:32:39","date_gmt":"2026-02-09T09:32:39","guid":{"rendered":"https:\/\/www.leyform.de\/blog\/?p=290"},"modified":"2026-02-09T09:32:40","modified_gmt":"2026-02-09T09:32:40","slug":"leyform-praesentiert-neuen-designrichtungen-2026","status":"publish","type":"post","link":"https:\/\/www.leyform.de\/blog\/leyform-praesentiert-neuen-designrichtungen-2026\/","title":{"rendered":"Leyform pr\u00e4sentiert die neuen Designrichtungen 2026"},"content":{"rendered":"\n<h2 class=\"wp-block-heading\">Ein exklusives Event zu Innovation, Design und neuen Leyform Kollektionen f\u00fcr Wartebereiche, Gemeinschaftsr\u00e4ume und B\u00fcros<\/h2>\n\n\n\n<figure class=\"wp-block-image size-full is-resized\" style=\"margin-top:10px;margin-right:0px;margin-bottom:10px;margin-left:0px\"><a href=\"https:\/\/www.leyform.de\/index.html\" target=\"_blank\" rel=\" noreferrer noopener\"><img loading=\"lazy\" decoding=\"async\" width=\"2048\" height=\"2048\" src=\"https:\/\/www.leyform.de\/blog\/wp-content\/uploads\/2026\/02\/Leyform_1-5.png\" alt=\"Leyform_1\" class=\"wp-image-291\" style=\"width:1120px\" srcset=\"https:\/\/www.leyform.de\/blog\/wp-content\/uploads\/2026\/02\/Leyform_1-5.png 2048w, https:\/\/www.leyform.de\/blog\/wp-content\/uploads\/2026\/02\/Leyform_1-5-300x300.png 300w, https:\/\/www.leyform.de\/blog\/wp-content\/uploads\/2026\/02\/Leyform_1-5-1024x1024.png 1024w, https:\/\/www.leyform.de\/blog\/wp-content\/uploads\/2026\/02\/Leyform_1-5-150x150.png 150w, https:\/\/www.leyform.de\/blog\/wp-content\/uploads\/2026\/02\/Leyform_1-5-768x768.png 768w, https:\/\/www.leyform.de\/blog\/wp-content\/uploads\/2026\/02\/Leyform_1-5-1536x1536.png 1536w\" sizes=\"auto, (max-width: 2048px) 100vw, 2048px\" \/><\/a><\/figure>\n\n\n\n<p>Am 27. Februar 2025 findet am Hauptsitz von Leyform in Colle Umberto (TV) ein exklusives Event statt, das ganz im Zeichen von Innovation und zeitgen\u00f6ssischem Design steht.<\/p>\n\n\n\n<p>Die Veranstaltung richtet sich an das Vertriebsteam von Leyform, begleitet vom CMO, und wird durch die besondere Teilnahme des Designers <a href=\"https:\/\/it.linkedin.com\/in\/nicola-cacco-92957218\" target=\"_blank\" rel=\"noreferrer noopener\">Nicola Cacco<\/a> bereichert. Als kreativer Kopf hinter der Designvision von Leyform pr\u00e4sentiert er<strong> ikonische Geometrien, modulare L\u00f6sungen und eine unverwechselbare Formsprache<\/strong> \u2013 entwickelt f\u00fcr zeitgen\u00f6ssische R\u00e4ume mit starker Identit\u00e4t.<\/p>\n\n\n\n<h3 class=\"wp-block-heading\">Neue Kollektionen und Trends 2026<\/h3>\n\n\n\n<p><\/p>\n\n\n\n<figure class=\"wp-block-image size-full is-resized\" style=\"margin-top:10px;margin-right:0px;margin-bottom:10px;margin-left:0px\"><a href=\"https:\/\/it.linkedin.com\/in\/nicola-cacco-92957218\" target=\"_blank\" rel=\" noreferrer noopener\"><img loading=\"lazy\" decoding=\"async\" width=\"2560\" height=\"1829\" src=\"https:\/\/www.leyform.de\/blog\/wp-content\/uploads\/2026\/02\/Leyform_2-1-scaled.jpg\" alt=\"Leyform_2\" class=\"wp-image-292\" style=\"aspect-ratio:16\/9;object-fit:cover;width:1120px\" srcset=\"https:\/\/www.leyform.de\/blog\/wp-content\/uploads\/2026\/02\/Leyform_2-1-scaled.jpg 2560w, https:\/\/www.leyform.de\/blog\/wp-content\/uploads\/2026\/02\/Leyform_2-1-300x214.jpg 300w, https:\/\/www.leyform.de\/blog\/wp-content\/uploads\/2026\/02\/Leyform_2-1-1024x731.jpg 1024w, https:\/\/www.leyform.de\/blog\/wp-content\/uploads\/2026\/02\/Leyform_2-1-768x549.jpg 768w, https:\/\/www.leyform.de\/blog\/wp-content\/uploads\/2026\/02\/Leyform_2-1-1536x1097.jpg 1536w, https:\/\/www.leyform.de\/blog\/wp-content\/uploads\/2026\/02\/Leyform_2-1-2048x1463.jpg 2048w\" sizes=\"auto, (max-width: 2560px) 100vw, 2560px\" \/><\/a><\/figure>\n\n\n\n<p class=\"has-text-align-center\"><\/p>\n\n\n\n<p>Das Treffen bietet die Gelegenheit, <a href=\"https:\/\/www.leyform.de\/index.html\" target=\"_blank\" rel=\"noreferrer noopener\">neue Kollektionen<\/a>, aufkommende Designtrends und innovative Konzepte vorzustellen und den kreativen Weg aufzuzeigen, den Leyform einschl\u00e4gt, um Wartebereiche, Gemeinschaftsr\u00e4ume und B\u00fcros neu zu definieren.<br>Klare Geometrien, ikonische Formen und modulare Systeme werden zur gestalterischen Sprache, mit der das Unternehmen Umgebungen mit starkem, zeitgem\u00e4\u00dfem Charakter interpretiert.<\/p>\n\n\n\n<p>Nicola Cacco gibt Einblick in seine<strong> Ideen und Entw\u00fcrfe f\u00fcr 2026 <\/strong>und zeigt, wie neue Trends Gestalt annehmen \u2013 von <strong>Poufs und modularen Sofas f\u00fcr Lobbys, Rezeptionen und Open Spaces<\/strong> bis hin zu <strong>repr\u00e4sentativen Sesseln<\/strong> mit hoher visueller Wirkung.<br>Eine einzigartige Gelegenheit, einen Blick in die Zukunft des <strong>Made in Italy Designs<\/strong> zu werfen.<\/p>\n\n\n\n<h3 class=\"wp-block-heading has-text-align-left\">Ein gemeinsamer Weg zur Exzellenz<\/h3>\n\n\n\n<figure class=\"wp-block-image size-full is-resized\" style=\"margin-top:10px;margin-right:0px;margin-bottom:10px;margin-left:0px\"><a href=\"https:\/\/www.leyform.de\/index.html\" target=\"_blank\" rel=\" noreferrer noopener\"><img loading=\"lazy\" decoding=\"async\" width=\"1184\" height=\"864\" src=\"https:\/\/www.leyform.de\/blog\/wp-content\/uploads\/2026\/02\/showroom_03-1.png\" alt=\"Leyform_3\" class=\"wp-image-293\" style=\"aspect-ratio:16\/9;object-fit:cover;width:1120px\" srcset=\"https:\/\/www.leyform.de\/blog\/wp-content\/uploads\/2026\/02\/showroom_03-1.png 1184w, https:\/\/www.leyform.de\/blog\/wp-content\/uploads\/2026\/02\/showroom_03-1-300x219.png 300w, https:\/\/www.leyform.de\/blog\/wp-content\/uploads\/2026\/02\/showroom_03-1-1024x747.png 1024w, https:\/\/www.leyform.de\/blog\/wp-content\/uploads\/2026\/02\/showroom_03-1-768x560.png 768w\" sizes=\"auto, (max-width: 1184px) 100vw, 1184px\" \/><\/a><\/figure>\n\n\n\n<p>Dieses Event versteht sich als Raum f\u00fcr Austausch und Inspiration, in dem Ideen, Visionen und Feedback zu einem integralen Bestandteil eines gemeinsamen Entwicklungsprozesses werden. So wird die Identit\u00e4t von Leyform weiter gest\u00e4rkt und das kontinuierliche Engagement f\u00fcr gestalterische Exzellenz unterstrichen.<\/p>\n\n\n\n<p>M\u00f6chten Sie die Welt von Leyform n\u00e4her kennenlernen und die neuen Designtrends f\u00fcr 2026 entdecken?<br><a href=\"https:\/\/www.leyform.de\/leyform-kontact.html\" target=\"_blank\" rel=\"noreferrer noopener\">Kontaktieren Sie uns<\/a> und lassen Sie sich bei der Auswahl der L\u00f6sungen begleiten, die am besten zu Ihren R\u00e4umen passen.<\/p>\n","protected":false},"excerpt":{"rendered":"<p>Ein exklusives Event zu Innovation, Design und neuen Leyform Kollektionen f\u00fcr Wartebereiche, Gemeinschaftsr\u00e4ume und B\u00fcros Am 27. Februar 2025 findet [&hellip;]<\/p>\n","protected":false},"author":1,"featured_media":291,"comment_status":"closed","ping_status":"closed","sticky":false,"template":"","format":"standard","meta":{"_acf_changed":false,"footnotes":""},"categories":[15],"tags":[61,62],"class_list":["post-290","post","type-post","status-publish","format-standard","has-post-thumbnail","hentry","category-news","tag-design-2026","tag-news-leyform-2026"],"acf":[],"_links":{"self":[{"href":"https:\/\/www.leyform.de\/blog\/wp-json\/wp\/v2\/posts\/290","targetHints":{"allow":["GET"]}}],"collection":[{"href":"https:\/\/www.leyform.de\/blog\/wp-json\/wp\/v2\/posts"}],"about":[{"href":"https:\/\/www.leyform.de\/blog\/wp-json\/wp\/v2\/types\/post"}],"author":[{"embeddable":true,"href":"https:\/\/www.leyform.de\/blog\/wp-json\/wp\/v2\/users\/1"}],"replies":[{"embeddable":true,"href":"https:\/\/www.leyform.de\/blog\/wp-json\/wp\/v2\/comments?post=290"}],"version-history":[{"count":2,"href":"https:\/\/www.leyform.de\/blog\/wp-json\/wp\/v2\/posts\/290\/revisions"}],"predecessor-version":[{"id":296,"href":"https:\/\/www.leyform.de\/blog\/wp-json\/wp\/v2\/posts\/290\/revisions\/296"}],"wp:featuredmedia":[{"embeddable":true,"href":"https:\/\/www.leyform.de\/blog\/wp-json\/wp\/v2\/media\/291"}],"wp:attachment":[{"href":"https:\/\/www.leyform.de\/blog\/wp-json\/wp\/v2\/media?parent=290"}],"wp:term":[{"taxonomy":"category","embeddable":true,"href":"https:\/\/www.leyform.de\/blog\/wp-json\/wp\/v2\/categories?post=290"},{"taxonomy":"post_tag","embeddable":true,"href":"https:\/\/www.leyform.de\/blog\/wp-json\/wp\/v2\/tags?post=290"}],"curies":[{"name":"wp","href":"https:\/\/api.w.org\/{rel}","templated":true}]}}